{"id":672,"date":"2016-02-08T15:19:09","date_gmt":"2016-02-08T14:19:09","guid":{"rendered":"http:\/\/cds64.org\/WordPress3\/?p=672"},"modified":"2016-02-08T15:19:39","modified_gmt":"2016-02-08T14:19:39","slug":"stage-equipement-canyon-9-et-10-avril-2016","status":"publish","type":"post","link":"https:\/\/cds64.org\/WordPress3\/2016\/02\/stage-equipement-canyon-9-et-10-avril-2016\/","title":{"rendered":"Stage \u00e9quipement Canyon &#8211; 9 et 10 avril 2016"},"content":{"rendered":"<div class=\"adL\">\n<p><a href=\"http:\/\/cds64.org\/WordPress3\/wp-content\/uploads\/2016\/02\/EquipementCanyon.jpg\" rel=\"attachment wp-att-673\"><img loading=\"lazy\" decoding=\"async\" class=\"size-large wp-image-673 aligncenter\" src=\"http:\/\/cds64.org\/WordPress3\/wp-content\/uploads\/2016\/02\/EquipementCanyon-1024x412.jpg\" alt=\"EquipementCanyon\" width=\"800\" height=\"322\" srcset=\"https:\/\/cds64.org\/WordPress3\/wp-content\/uploads\/2016\/02\/EquipementCanyon-1024x412.jpg 1024w, https:\/\/cds64.org\/WordPress3\/wp-content\/uploads\/2016\/02\/EquipementCanyon-600x241.jpg 600w, https:\/\/cds64.org\/WordPress3\/wp-content\/uploads\/2016\/02\/EquipementCanyon-300x121.jpg 300w, https:\/\/cds64.org\/WordPress3\/wp-content\/uploads\/2016\/02\/EquipementCanyon-768x309.jpg 768w, https:\/\/cds64.org\/WordPress3\/wp-content\/uploads\/2016\/02\/EquipementCanyon-250x101.jpg 250w, https:\/\/cds64.org\/WordPress3\/wp-content\/uploads\/2016\/02\/EquipementCanyon-150x60.jpg 150w\" sizes=\"auto, (max-width: 800px) 100vw, 800px\" \/><\/a>l&#8217;EFC organise un stage &#8221; \u00e9quipement en canyon&#8221; les 9 et 10 avril 2016 dans les Pyr\u00e9n\u00e9es-Atlantiques a proximit\u00e9 de Pau en vall\u00e9e d&#8217;Ossau<\/p>\n<p>ce stage est ouvert a tous ,<\/p>\n<p>au programme :<\/p>\n<p>referentiel de stage EFC<\/p>\n<p><a href=\"http:\/\/canyon.ffspeleo.fr\/index.php\/fr\/formations\/referentiels-des-formations\/234-stage-equipement\" target=\"_blank\">http:\/\/canyon.ffspeleo.fr\/<wbr \/>index.php\/fr\/formations\/<wbr \/>referentiels-des-formations\/<wbr \/>234-stage-equipement<\/a><\/p>\n<p>th\u00e9orie sur les diff\u00e9rents amarrages, ancrages et mat\u00e9riels d\u2019\u00e9quipement, les normes d\u2019\u00e9quipement , \u00e9quipement d&#8217;un canyon ou d&#8217;une falaise \u00e9cole &#8221; canyon&#8221; en fonction des conditions m\u00e9t\u00e9o<\/p>\n<p>h\u00e9bergement en g\u00eete<\/p>\n<p>co\u00fbt : tarif f\u00e9d\u00e9ral ( 70 euros \/jour)<\/p>\n<p>contacts et inscriptions : Cyril Leclerc \/ Lionel Aubriot<\/p>\n<\/div>\n","protected":false},"excerpt":{"rendered":"<p>l&#8217;EFC organise un stage &#8221; \u00e9quipement en canyon&#8221; les 9 et 10 avril 2016 dans les Pyr\u00e9n\u00e9es-Atlantiques a proximit\u00e9 de \u2026 <a class=\"continue-reading-link\" href=\"https:\/\/cds64.org\/WordPress3\/2016\/02\/stage-equipement-canyon-9-et-10-avril-2016\/\">Lire la suite <span class=\"meta-nav\">&rarr; <\/span><\/a><\/p>\n","protected":false},"author":1,"featured_media":0,"comment_status":"closed","ping_status":"open","sticky":false,"template":"","format":"standard","meta":{"footnotes":""},"categories":[4],"tags":[],"class_list":["post-672","post","type-post","status-publish","format-standard","hentry","category-formations"],"_links":{"self":[{"href":"https:\/\/cds64.org\/WordPress3\/wp-json\/wp\/v2\/posts\/672","targetHints":{"allow":["GET"]}}],"collection":[{"href":"https:\/\/cds64.org\/WordPress3\/wp-json\/wp\/v2\/posts"}],"about":[{"href":"https:\/\/cds64.org\/WordPress3\/wp-json\/wp\/v2\/types\/post"}],"author":[{"embeddable":true,"href":"https:\/\/cds64.org\/WordPress3\/wp-json\/wp\/v2\/users\/1"}],"replies":[{"embeddable":true,"href":"https:\/\/cds64.org\/WordPress3\/wp-json\/wp\/v2\/comments?post=672"}],"version-history":[{"count":2,"href":"https:\/\/cds64.org\/WordPress3\/wp-json\/wp\/v2\/posts\/672\/revisions"}],"predecessor-version":[{"id":675,"href":"https:\/\/cds64.org\/WordPress3\/wp-json\/wp\/v2\/posts\/672\/revisions\/675"}],"wp:attachment":[{"href":"https:\/\/cds64.org\/WordPress3\/wp-json\/wp\/v2\/media?parent=672"}],"wp:term":[{"taxonomy":"category","embeddable":true,"href":"https:\/\/cds64.org\/WordPress3\/wp-json\/wp\/v2\/categories?post=672"},{"taxonomy":"post_tag","embeddable":true,"href":"https:\/\/cds64.org\/WordPress3\/wp-json\/wp\/v2\/tags?post=672"}],"curies":[{"name":"wp","href":"https:\/\/api.w.org\/{rel}","templated":true}]}}