{"id":520,"date":"2014-09-22T16:00:13","date_gmt":"2014-09-22T14:00:13","guid":{"rendered":"http:\/\/cds64.org\/WordPress3\/?p=520"},"modified":"2014-09-24T10:45:02","modified_gmt":"2014-09-24T08:45:02","slug":"13-emes-journees-nationales-de-la-speleologie-et-du-canyon","status":"publish","type":"post","link":"https:\/\/cds64.org\/WordPress3\/2014\/09\/13-emes-journees-nationales-de-la-speleologie-et-du-canyon\/","title":{"rendered":"13 \u00e8mes Journ\u00e9es Nationales de la Sp\u00e9l\u00e9ologie et du Canyon"},"content":{"rendered":"<p><span style=\"color: #222222;\">La F\u00e9d\u00e9ration Fran\u00e7aise de Sp\u00e9l\u00e9ologie organise les 13\u00e8me Journ\u00e9es Nationales de la Sp\u00e9l\u00e9ologie et du Canyonisme.<\/span><\/p>\n<div style=\"color: #222222;\"><\/div>\n<div style=\"color: #222222;\">\n<div><img loading=\"lazy\" decoding=\"async\" src=\"https:\/\/mail.google.com\/mail\/u\/0\/?ui=2&amp;ik=bebb71845d&amp;view=att&amp;th=1489da73fb6d019d&amp;attid=0.1&amp;disp=emb&amp;realattid=ii_1489da3ed9125900&amp;zw&amp;atsh=1\" alt=\"Images int\u00e9gr\u00e9es 1\" width=\"334\" height=\"472\" \/><\/div>\n<p>Le samedi \u00a0&amp; dimanche 5 octobre 2014, venez vous initier, gratuitement, \u00e0 la sp\u00e9l\u00e9ologie et au canyonisme. Accompagn\u00e9 de cadres de la F\u00e9d\u00e9ration, vous d\u00e9couvrirez, en toute s\u00e9curit\u00e9, une activit\u00e9 unique qui allie sport, plaisir et exploration dans des lieux que vous n&#8217;auriez jamais imagin\u00e9 visiter.<\/p>\n<p>Les 13\u00e8mes journ\u00e9es nationales de la sp\u00e9l\u00e9ologie et du canyonisme sont une occasion in\u00e9dite de d\u00e9couvrir la Terre sous un autre angle. Que vous d\u00e9cidiez de descendre sous terre et de vous initier \u00e0 la sp\u00e9l\u00e9ologie, ou bien que vous choisissiez de red\u00e9couvrir le canyon le plus proche de chez vous, soyez s\u00fbr que vous allez vivre une exp\u00e9rience in\u00e9dite qui restera grav\u00e9e \u00e0 jamais dans votre esprit, que vous ayez 7 ou 77 ans.<\/p>\n<p>Ouvertes \u00e0 tous, entre amis ou en famille, les 13\u00e8mes Journ\u00e9es Nationales de la Sp\u00e9l\u00e9ologie et du Canyonisme, offrent pr\u00e8s de 100 ateliers partout en France.<\/p>\n<p><span style=\"font-family: arial, sans-serif;\">Dans les Pyr\u00e9n\u00e9es-Atlantiques, les clubs du d\u00e9partement, regroup\u00e9s au sein du Comit\u00e9 D\u00e9partemental, vous proposent cette ann\u00e9e de venir \u00e0 Saint-Jean-Pied-de-Port pour participer \u00e0 cet\u00a0\u00e9v\u00e9nement.<\/span><\/p>\n<p>Voici le programme de ces journ\u00e9es :<span style=\"text-decoration: underline;\"><b>Samedi 4 Octobre<\/b><\/span>\u00a0:<\/p>\n<ul>\n<ul>\n<li><b>Initiation au canyonisme : \u00e0 la journ\u00e9e<\/b>, pr\u00e9voir pique-nique : 10h\/18h Inscription pr\u00e9alable obligatoire.<\/li>\n<li><b>Initiation \u00e0 la sp\u00e9l\u00e9ologie : en demi-journ\u00e9e<\/b>\u00a0Environ\u00a02h30 par groupe, d\u00e9part chaque heure de 10h \u00e0 17h. Pr\u00e9voir des v\u00eatements de rechange et des chaussures de randonn\u00e9e ou des bottes. Inscription pr\u00e9alable vivement conseill\u00e9e<\/li>\n<li>Projection du f<span style=\"color: #000000;\">ilm &#8220;Norbert Casteret &#8211; Chasseur d&#8217;ab\u00eemes&#8221; de Guy Fourni\u00e9,\u00a0au cin\u00e9ma Le Vauban.\u00a0<\/span><span style=\"color: #000000;\">Gratuit, s\u00e9ance vers 15 h 00.<\/span><\/li>\n<\/ul>\n<\/ul>\n<p><span style=\"text-decoration: underline;\"><b>Dimanche 5 Octobre<\/b><\/span>\u00a0:<\/p>\n<ul>\n<ul>\n<li><b>Initiation au canyonisme : \u00e0 la journ\u00e9e<\/b>, pr\u00e9voir pique-nique : 10h\/16h. Inscription pr\u00e9alable obligatoire.<\/li>\n<li><b>Initiation \u00e0 la sp\u00e9l\u00e9ologie : en demi-journ\u00e9e\u00a0<\/b>Environ 2h30 par groupe, d\u00e9part chaque heure de 9h \u00e0 16h.<b>\u00a0<\/b>\u00a0 Pr\u00e9voir des v\u00eatements de rechange et des chaussures de randonn\u00e9e ou des bottes. Inscription pr\u00e9alable vivement conseill\u00e9e<\/li>\n<\/ul>\n<\/ul>\n<p>&nbsp;<\/p>\n<p><b>Toutes ces activit\u00e9s vous sont propos\u00e9e gratuitement et seront encadr\u00e9es par des cadres brevet\u00e9s de la f\u00e9d\u00e9ration. Renseignements te r\u00e9servations aupr\u00e8s de Nicolas :\u00a0<\/b><span style=\"color: #000000;\">06 11 09 52 54<\/span><\/p>\n<div><b>\u00a0<\/b><\/div>\n<\/div>\n","protected":false},"excerpt":{"rendered":"<p>La F\u00e9d\u00e9ration Fran\u00e7aise de Sp\u00e9l\u00e9ologie organise les 13\u00e8me Journ\u00e9es Nationales de la Sp\u00e9l\u00e9ologie et du Canyonisme. Le samedi \u00a0&amp; dimanche \u2026 <a class=\"continue-reading-link\" href=\"https:\/\/cds64.org\/WordPress3\/2014\/09\/13-emes-journees-nationales-de-la-speleologie-et-du-canyon\/\">Lire la suite <span class=\"meta-nav\">&rarr; <\/span><\/a><\/p>\n","protected":false},"author":1,"featured_media":0,"comment_status":"closed","ping_status":"open","sticky":false,"template":"","format":"standard","meta":{"footnotes":""},"categories":[10],"tags":[],"class_list":["post-520","post","type-post","status-publish","format-standard","hentry","category-evenements"],"_links":{"self":[{"href":"https:\/\/cds64.org\/WordPress3\/wp-json\/wp\/v2\/posts\/520","targetHints":{"allow":["GET"]}}],"collection":[{"href":"https:\/\/cds64.org\/WordPress3\/wp-json\/wp\/v2\/posts"}],"about":[{"href":"https:\/\/cds64.org\/WordPress3\/wp-json\/wp\/v2\/types\/post"}],"author":[{"embeddable":true,"href":"https:\/\/cds64.org\/WordPress3\/wp-json\/wp\/v2\/users\/1"}],"replies":[{"embeddable":true,"href":"https:\/\/cds64.org\/WordPress3\/wp-json\/wp\/v2\/comments?post=520"}],"version-history":[{"count":3,"href":"https:\/\/cds64.org\/WordPress3\/wp-json\/wp\/v2\/posts\/520\/revisions"}],"predecessor-version":[{"id":523,"href":"https:\/\/cds64.org\/WordPress3\/wp-json\/wp\/v2\/posts\/520\/revisions\/523"}],"wp:attachment":[{"href":"https:\/\/cds64.org\/WordPress3\/wp-json\/wp\/v2\/media?parent=520"}],"wp:term":[{"taxonomy":"category","embeddable":true,"href":"https:\/\/cds64.org\/WordPress3\/wp-json\/wp\/v2\/categories?post=520"},{"taxonomy":"post_tag","embeddable":true,"href":"https:\/\/cds64.org\/WordPress3\/wp-json\/wp\/v2\/tags?post=520"}],"curies":[{"name":"wp","href":"https:\/\/api.w.org\/{rel}","templated":true}]}}